{"id":1006,"date":"2025-06-05T13:12:42","date_gmt":"2025-06-05T13:12:42","guid":{"rendered":"https:\/\/saintdenisfoot.fr\/?p=1006"},"modified":"2025-06-05T13:12:42","modified_gmt":"2025-06-05T13:12:42","slug":"vote-pour-elire-le-futur-maillot-exterieur","status":"publish","type":"post","link":"https:\/\/saintdenisfoot.fr\/index.php\/2025\/06\/05\/vote-pour-elire-le-futur-maillot-exterieur\/","title":{"rendered":"VOTE POUR ELIRE LE FUTUR MAILLOT EXTERIEUR !"},"content":{"rendered":"\n<p>\ud835\udde4\ud835\udde8\ud835\uddd8\ud835\udddf \ud835\udde0\ud835\uddd4\ud835\udddc\ud835\udddf\ud835\udddf\ud835\udde2\ud835\udde7 \ud835\uddd8\ud835\uddeb\ud835\udde7\ud835\uddd8\ud835\udde5\ud835\udddc\ud835\uddd8\ud835\udde8\ud835\udde5 \ud835\udde3\ud835\udde2\ud835\udde8\ud835\udde5 \ud835\udde1\ud835\udde2\ud835\udde6 <img loading=\"lazy\" decoding=\"async\" height=\"16\" width=\"16\" alt=\"\ud83d\udd35\" src=\"https:\/\/static.xx.fbcdn.net\/images\/emoji.php\/v9\/tef\/1\/16\/1f535.png\"><img loading=\"lazy\" decoding=\"async\" height=\"16\" width=\"16\" alt=\"\u26aa\" src=\"https:\/\/static.xx.fbcdn.net\/images\/emoji.php\/v9\/t8d\/1\/16\/26aa.png\"> ? \ud835\uddd4 \ud835\udde9\ud835\udde2\ud835\udde6 \ud835\udde9\ud835\udde2\ud835\udde7\ud835\uddd8\ud835\udde6 <img loading=\"lazy\" decoding=\"async\" height=\"16\" width=\"16\" alt=\"\ud83d\uddf3\ufe0f\" src=\"https:\/\/static.xx.fbcdn.net\/images\/emoji.php\/v9\/t9a\/1\/16\/1f5f3.png\"><\/p>\n\n\n\n<p>Joueurs, b\u00e9n\u00e9voles, supporters et <a><\/a>partenaires, c&rsquo;est l&rsquo;heure de participer \u00e0 l\u2019\u00e9lection du nouveau maillot ext\u00e9rieur de nos s\u00e9niors pour la saison prochaine.<\/p>\n\n\n\n<p>\ud835\ude40\ud835\ude63 \ud835\ude66\ud835\ude6a\ud835\ude64\ud835\ude5e \ud835\ude58\ud835\ude5a\ud835\ude61\ud835\ude56 \ud835\ude58\ud835\ude64\ud835\ude63\ud835\ude68\ud835\ude5e\ud835\ude68\ud835\ude69\ud835\ude5a ?<\/p>\n\n\n\n<p>Nous vous proposons de participer au choix du futur maillot ext\u00e9rieur de nos s\u00e9niors. Nous avons pr\u00e9-s\u00e9lectionn\u00e9 <img loading=\"lazy\" decoding=\"async\" height=\"16\" width=\"16\" alt=\"4\ufe0f\u20e3\" src=\"https:\/\/static.xx.fbcdn.net\/images\/emoji.php\/v9\/td7\/1\/16\/34_20e3.png\"> maillots et nous souhaitons recueillir vos avis sur ces derniers.<\/p>\n\n\n\n<p>\ud835\ude3e\ud835\ude64\ud835\ude62\ud835\ude62\ud835\ude5a\ud835\ude63\ud835\ude69 \ud835\ude6b\ud835\ude64\ud835\ude69\ud835\ude5a\ud835\ude67 ?<\/p>\n\n\n\n<p>Pour cela, rien de plus simple : suivez ce lien et votez pour votre (ou vos) maillot(s) pr\u00e9f\u00e9r\u00e9(s) <img loading=\"lazy\" decoding=\"async\" height=\"16\" width=\"16\" alt=\"\ud83d\udc49\ud83c\udffb\" src=\"https:\/\/static.xx.fbcdn.net\/images\/emoji.php\/v9\/tc\/1\/16\/1f449_1f3fb.png\"><a href=\"https:\/\/l.facebook.com\/l.php?u=https%3A%2F%2Fbit.ly%2F45bpOS2%3Ffbclid%3DIwZXh0bgNhZW0CMTAAYnJpZBExcWZ1MWJ4YVZMbFVQdzdvZgEe6VCNxdM8P8L5SPjE4WG3jL8i4FvtR2exTBHYKmUGSZ_geHciYFGWAA4fVVg_aem_hIU0ckwI3hEYAEI1K_dNIQ&amp;h=AT35KuCQuLJ9nvIrnULNdESKtWNzEyaPLvSdolviK9nDAL2xUhISPkCjQ7h0m1mMBDlibQDziQgeEbQfMFEc0v4ml4vbSg0VLE_zA6TkmjUQVAW-T0R7Fqd52ArU9Vsf_Gu7aQuqY3FhPSw6Wielr1QN8X4acdrj&amp;__tn__=-UK-R&amp;c[0]=AT1jrKa1DgusVSDdBqlRCjPtk54icLDDBsPPq7rJn4SI-Jhp1NkLvLk4DjJuBWQk-oFqh5e_cYBJbmdKp4fxefBSERpgQMZjjIL5aW5A7Mk3qXaYJl1jyPlesB_IhLg6oJBzkr_1SkN77VR8W74MpTCyOzo0uNrl9etoqjP6dVP8OUmIT3xb3UJsbzaDG7n7gmRExUipfGQf_ndB0UJCTnHG8Bnq\" rel=\"noreferrer noopener\" target=\"_blank\">bit.ly\/45bpOS2<\/a><\/p>\n\n\n\n<p>Si plusieurs maillots vous ont tap\u00e9s dans l&rsquo;oeil, il est possible de voter pour chacun d&rsquo;entre eux <img loading=\"lazy\" decoding=\"async\" height=\"16\" width=\"16\" alt=\"\ud83d\ude09\" src=\"https:\/\/static.xx.fbcdn.net\/images\/emoji.php\/v9\/t57\/1\/16\/1f609.png\"><\/p>\n\n\n\n<p>\ud835\ude40\ud835\ude69 \ud835\ude56\ud835\ude65\ud835\ude67\ud835\ude5a\ud835\ude68 ?<\/p>\n\n\n\n<p>Les votes seront clos ce Mardi 10 Juin 2025 \u00e0 23h59. Nous communiquerons les r\u00e9sultats sur nos r\u00e9seaux sociaux et notre site internet juste avant le d\u00e9but de la saison 2025\/2026. Vous pourrez retrouver le maillot s\u00e9lectionn\u00e9 sur les \u00e9paules de nos joueurs <img loading=\"lazy\" decoding=\"async\" height=\"16\" width=\"16\" alt=\"\ud83e\udd29\" src=\"https:\/\/static.xx.fbcdn.net\/images\/emoji.php\/v9\/t58\/1\/16\/1f929.png\"><\/p>\n\n\n\n<p>NB : Les sponsors pr\u00e9sents sur le maillot ne sont pas encore connus.<\/p>\n\n\n\n<p>Merci \u00e0 tous nos joueurs, b\u00e9n\u00e9voles, supporters et partenaires pour votre engagement sans faille ! <img loading=\"lazy\" decoding=\"async\" height=\"16\" width=\"16\" alt=\"\ud83d\ude4c\" src=\"https:\/\/static.xx.fbcdn.net\/images\/emoji.php\/v9\/tfd\/1\/16\/1f64c.png\"><img loading=\"lazy\" decoding=\"async\" height=\"16\" width=\"16\" alt=\"\ud83d\udc99\" src=\"https:\/\/static.xx.fbcdn.net\/images\/emoji.php\/v9\/t6c\/1\/16\/1f499.png\"><\/p>\n\n\n\n<p>\ud835\ude3c \ud835\ude51\ud835\ude4a\ud835\ude4e \ud835\ude51\ud835\ude4a\ud835\ude4f\ud835\ude40\ud835\ude4e <img loading=\"lazy\" decoding=\"async\" height=\"16\" width=\"16\" alt=\"\ud83d\udc40\" src=\"https:\/\/static.xx.fbcdn.net\/images\/emoji.php\/v9\/tc8\/1\/16\/1f440.png\"><img loading=\"lazy\" decoding=\"async\" height=\"16\" width=\"16\" alt=\"\ud83d\udd35\" src=\"https:\/\/static.xx.fbcdn.net\/images\/emoji.php\/v9\/tef\/1\/16\/1f535.png\"><img loading=\"lazy\" decoding=\"async\" height=\"16\" width=\"16\" alt=\"\u26aa\" src=\"https:\/\/static.xx.fbcdn.net\/images\/emoji.php\/v9\/t8d\/1\/16\/26aa.png\"><\/p>\n","protected":false},"excerpt":{"rendered":"<p>\ud835\udde4\ud835\udde8\ud835\uddd8\ud835\udddf \ud835\udde0\ud835\uddd4\ud835\udddc\ud835\udddf\ud835\udddf\ud835\udde2\ud835\udde7 \ud835\uddd8\ud835\uddeb\ud835\udde7\ud835\uddd8\ud835\udde5\ud835\udddc\ud835\uddd8\ud835\udde8\ud835\udde5 \ud835\udde3\ud835\udde2\ud835\udde8\ud835\udde5 \ud835\udde1\ud835\udde2\ud835\udde6 ? \ud835\uddd4 \ud835\udde9\ud835\udde2\ud835\udde6 \ud835\udde9\ud835\udde2\ud835\udde7\ud835\uddd8\ud835\udde6 Joueurs, b\u00e9n\u00e9voles, supporters et partenaires, c&rsquo;est l&rsquo;heure de participer \u00e0 l\u2019\u00e9lection du nouveau maillot ext\u00e9rieur de nos s\u00e9niors pour la saison prochaine. \ud835\ude40\ud835\ude63 \ud835\ude66\ud835\ude6a\ud835\ude64\ud835\ude5e \ud835\ude58\ud835\ude5a\ud835\ude61\ud835\ude56 \ud835\ude58\ud835\ude64\ud835\ude63\ud835\ude68\ud835\ude5e\ud835\ude68\ud835\ude69\ud835\ude5a ? Nous vous proposons de participer au choix du futur maillot ext\u00e9rieur de nos s\u00e9niors. Nous avons pr\u00e9-s\u00e9lectionn\u00e9 maillots et [&hellip;]<\/p>\n","protected":false},"author":1,"featured_media":1007,"comment_status":"open","ping_status":"open","sticky":false,"template":"","format":"standard","meta":{"footnotes":""},"categories":[1],"tags":[],"class_list":["post-1006","post","type-post","status-publish","format-standard","has-post-thumbnail","hentry","category-uncategorized"],"_links":{"self":[{"href":"https:\/\/saintdenisfoot.fr\/index.php\/wp-json\/wp\/v2\/posts\/1006","targetHints":{"allow":["GET"]}}],"collection":[{"href":"https:\/\/saintdenisfoot.fr\/index.php\/wp-json\/wp\/v2\/posts"}],"about":[{"href":"https:\/\/saintdenisfoot.fr\/index.php\/wp-json\/wp\/v2\/types\/post"}],"author":[{"embeddable":true,"href":"https:\/\/saintdenisfoot.fr\/index.php\/wp-json\/wp\/v2\/users\/1"}],"replies":[{"embeddable":true,"href":"https:\/\/saintdenisfoot.fr\/index.php\/wp-json\/wp\/v2\/comments?post=1006"}],"version-history":[{"count":1,"href":"https:\/\/saintdenisfoot.fr\/index.php\/wp-json\/wp\/v2\/posts\/1006\/revisions"}],"predecessor-version":[{"id":1008,"href":"https:\/\/saintdenisfoot.fr\/index.php\/wp-json\/wp\/v2\/posts\/1006\/revisions\/1008"}],"wp:featuredmedia":[{"embeddable":true,"href":"https:\/\/saintdenisfoot.fr\/index.php\/wp-json\/wp\/v2\/media\/1007"}],"wp:attachment":[{"href":"https:\/\/saintdenisfoot.fr\/index.php\/wp-json\/wp\/v2\/media?parent=1006"}],"wp:term":[{"taxonomy":"category","embeddable":true,"href":"https:\/\/saintdenisfoot.fr\/index.php\/wp-json\/wp\/v2\/categories?post=1006"},{"taxonomy":"post_tag","embeddable":true,"href":"https:\/\/saintdenisfoot.fr\/index.php\/wp-json\/wp\/v2\/tags?post=1006"}],"curies":[{"name":"wp","href":"https:\/\/api.w.org\/{rel}","templated":true}]}}