{"id":1058,"date":"2025-08-07T10:04:03","date_gmt":"2025-08-07T10:04:03","guid":{"rendered":"https:\/\/saintdenisfoot.fr\/?p=1058"},"modified":"2025-09-04T12:54:10","modified_gmt":"2025-09-04T12:54:10","slug":"seniors-matchs-de-preparation","status":"publish","type":"post","link":"https:\/\/saintdenisfoot.fr\/index.php\/2025\/08\/07\/seniors-matchs-de-preparation\/","title":{"rendered":"S\u00c9NIORS &#8211; MATCHS DE PR\u00c9PARATION"},"content":{"rendered":"\n<p>D\u00e9couvrez le programme et les r\u00e9sultats de la pr\u00e9paration de nos \u00e9quipes s\u00e9niors !<\/p>\n\n\n\n<p>\u25fe \ud835\uddd8\ud835\udde6\ud835\uddd7 0-0 FC SALIGNY (D1)<\/p>\n\n\n\n<p>Mercredi 13 Ao\u00fbt | 20h00 | Saint Denis<\/p>\n\n\n\n<p>\u25fe \ud835\uddd8\ud835\udde6\ud835\uddd7 0 &#8211; 2 USBSH (R3)<\/p>\n\n\n\n<p>Samedi 16 Ao\u00fbt | 16h00 | Chauch\u00e9<\/p>\n\n\n\n<p>\u25fe \ud835\uddd8\ud835\udde6\ud835\uddd7 3 &#8211; 2 ST FULGENT (R3)<\/p>\n\n\n\n<p>Mercredi 20 Ao\u00fbt | 19h30 | St Fulgent<\/p>\n\n\n\n<p>\u25fe \ud835\uddd8\ud835\udde6\ud835\uddd7 \ud835\uddd5 3 &#8211; 3 BEIGNON BASSET (D4)<\/p>\n\n\n\n<p>Dimanche 17 Ao\u00fbt | 19h30 | Beignon Basset<\/p>\n\n\n\n<p>\u25fe LA CHAPELLE HEULIN (D1) 2 &#8211; 1 \ud835\uddd8\ud835\udde6\ud835\uddd7 (CDF)<\/p>\n\n\n\n<p>Dimanche 24 Ao\u00fbt | 15h00 | La Chapelle Heulin (44)<\/p>\n\n\n\n<p>\u25fe \ud835\uddd8\ud835\udde6\ud835\uddd7 \ud835\uddd5 1 &#8211; 2 USBSH B (D3)<\/p>\n\n\n\n<p>Dimanche 24 Ao\u00fbt | 15h00 | Bournezeau<\/p>\n\n\n\n<p>\u25fe \ud835\uddd8\ud835\udde6\ud835\uddd7 1 &#8211; 4 LES BROUZILS (R3)<\/p>\n\n\n\n<p>Mercredi 27 Ao\u00fbt | 19h45 | Les Brouzils<\/p>\n\n\n\n<p>\u25fe \ud835\uddd8\ud835\udde6\ud835\uddd7 \ud835\uddd5 0 &#8211; 3 MESNARD VENDRENNES (D3)<\/p>\n\n\n\n<p>Mercredi 27 Ao\u00fbt | Horaire \u00e0 d\u00e9finir | Ext\u00e9rieur<\/p>\n\n\n\n<p>\u25fe \ud835\uddd8\ud835\udde6\ud835\uddd7 \ud835\uddd5 2 &#8211; 2 ST FULGENT B (D3)<\/p>\n\n\n\n<p>Dimanche 31 Ao\u00fbt | Horaire \u00e0 d\u00e9finir | Saint Denis<\/p>\n\n\n\n<p>\u25fe \ud835\uddd8\ud835\udde6\ud835\uddd7 \ud835\uddd6 3 &#8211; 1 MESNARD VENDRENNES B (D4)<\/p>\n\n\n\n<p>Dimanche 31 Ao\u00fbt | Horaire et lieu \u00e0 d\u00e9finir<\/p>\n","protected":false},"excerpt":{"rendered":"<p>D\u00e9couvrez le programme et les r\u00e9sultats de la pr\u00e9paration de nos \u00e9quipes s\u00e9niors ! \u25fe \ud835\uddd8\ud835\udde6\ud835\uddd7 0-0 FC SALIGNY (D1) Mercredi 13 Ao\u00fbt | 20h00 | Saint Denis \u25fe \ud835\uddd8\ud835\udde6\ud835\uddd7 0 &#8211; 2 USBSH (R3) Samedi 16 Ao\u00fbt | 16h00 | Chauch\u00e9 \u25fe \ud835\uddd8\ud835\udde6\ud835\uddd7 3 &#8211; 2 ST FULGENT (R3) Mercredi 20 Ao\u00fbt | 19h30 [&hellip;]<\/p>\n","protected":false},"author":1,"featured_media":1059,"comment_status":"open","ping_status":"open","sticky":false,"template":"","format":"standard","meta":{"footnotes":""},"categories":[1],"tags":[],"class_list":["post-1058","post","type-post","status-publish","format-standard","has-post-thumbnail","hentry","category-uncategorized"],"_links":{"self":[{"href":"https:\/\/saintdenisfoot.fr\/index.php\/wp-json\/wp\/v2\/posts\/1058","targetHints":{"allow":["GET"]}}],"collection":[{"href":"https:\/\/saintdenisfoot.fr\/index.php\/wp-json\/wp\/v2\/posts"}],"about":[{"href":"https:\/\/saintdenisfoot.fr\/index.php\/wp-json\/wp\/v2\/types\/post"}],"author":[{"embeddable":true,"href":"https:\/\/saintdenisfoot.fr\/index.php\/wp-json\/wp\/v2\/users\/1"}],"replies":[{"embeddable":true,"href":"https:\/\/saintdenisfoot.fr\/index.php\/wp-json\/wp\/v2\/comments?post=1058"}],"version-history":[{"count":10,"href":"https:\/\/saintdenisfoot.fr\/index.php\/wp-json\/wp\/v2\/posts\/1058\/revisions"}],"predecessor-version":[{"id":1154,"href":"https:\/\/saintdenisfoot.fr\/index.php\/wp-json\/wp\/v2\/posts\/1058\/revisions\/1154"}],"wp:featuredmedia":[{"embeddable":true,"href":"https:\/\/saintdenisfoot.fr\/index.php\/wp-json\/wp\/v2\/media\/1059"}],"wp:attachment":[{"href":"https:\/\/saintdenisfoot.fr\/index.php\/wp-json\/wp\/v2\/media?parent=1058"}],"wp:term":[{"taxonomy":"category","embeddable":true,"href":"https:\/\/saintdenisfoot.fr\/index.php\/wp-json\/wp\/v2\/categories?post=1058"},{"taxonomy":"post_tag","embeddable":true,"href":"https:\/\/saintdenisfoot.fr\/index.php\/wp-json\/wp\/v2\/tags?post=1058"}],"curies":[{"name":"wp","href":"https:\/\/api.w.org\/{rel}","templated":true}]}}