{"id":1150,"date":"2025-09-04T12:52:17","date_gmt":"2025-09-04T12:52:17","guid":{"rendered":"https:\/\/saintdenisfoot.fr\/?p=1150"},"modified":"2025-09-17T14:52:53","modified_gmt":"2025-09-17T14:52:53","slug":"rentree-des-classes","status":"publish","type":"post","link":"https:\/\/saintdenisfoot.fr\/index.php\/2025\/09\/04\/rentree-des-classes\/","title":{"rendered":"RENTR\u00c9E DES CLASSES ! \u26bd\ufe0f\ud83d\udd35\u26aa\ufe0f"},"content":{"rendered":"\n<figure class=\"wp-block-image size-large\"><img loading=\"lazy\" decoding=\"async\" width=\"1024\" height=\"666\" src=\"https:\/\/saintdenisfoot.fr\/wp-content\/uploads\/2025\/09\/POUR-SITE-1024x666.png\" alt=\"\" class=\"wp-image-1196\" srcset=\"https:\/\/saintdenisfoot.fr\/wp-content\/uploads\/2025\/09\/POUR-SITE-1024x666.png 1024w, https:\/\/saintdenisfoot.fr\/wp-content\/uploads\/2025\/09\/POUR-SITE-300x195.png 300w, https:\/\/saintdenisfoot.fr\/wp-content\/uploads\/2025\/09\/POUR-SITE-768x499.png 768w, https:\/\/saintdenisfoot.fr\/wp-content\/uploads\/2025\/09\/POUR-SITE-1536x998.png 1536w, https:\/\/saintdenisfoot.fr\/wp-content\/uploads\/2025\/09\/POUR-SITE.png 2000w\" sizes=\"auto, (max-width: 1024px) 100vw, 1024px\" \/><\/figure>\n\n\n\n<p>\u00c7a y est, l\u2019ann\u00e9e footballistique 2025\/26 est enfin lanc\u00e9e \ud83d\udcaa\ud83c\udffc ! Apr\u00e8s 2 mois de pause calvaire pour les passionn\u00e9s \ud83d\ude35, le football populaire reprend enfin ses droits !<br>De toute fa\u00e7on, il ne s\u2019arr\u00eatera jamais ! Et pourtant !<br>Il y a des gens en France \ud83c\uddeb\ud83c\uddf7 et peut-\u00eatre m\u00eame dans le monde \ud83c\udf0e, qui ne comprennent pas, qui parfois m\u00eame m\u00e9prisent un peu le foot, ne mesurent pas ce qu\u2019est ce sport \u26bd\ufe0f ! Qu\u2019il n\u2019est pas qu\u2019un sport, mais bien plus que \u00e7a. Il y a ceux qui s\u2019int\u00e9ressent \u00e0 l\u2019histoire du foot depuis tant d\u2019ann\u00e9es maintenant, voire m\u00eame ceux qui sont dans le quotidien \u00e0 \u00eatre curieux sur chaque anecdote\u2026<br>Il faut comprendre aujourd\u2019hui la valeur que ce sport a dans la vie des gens, la fa\u00e7on dont il peut unir un pays, unir des peuples, des religions, des villes, jusqu\u2019aux petites communes\u2026 les souvenirs qu&rsquo;il peut laisser dans l\u2019imaginaire collectif. On ne peut pas m\u00e9priser ce sport et une activit\u00e9 qui rassemble autant de personnes \ud83d\ude4c\ud83c\udffc et qui est aussi populaire dans le monde. On ne peut pas dire que ce n\u2019est pas important, que ce n\u2019est pas politique, pas g\u00e9opolitique, pas social, pas soci\u00e9tal, pas culturel\u2026 c\u2019est tout en fait ! Ce sport est au-del\u00e0 de tout !<br>Et c\u2019est compl\u00e8tement fou ! Vivement la suite \ud83e\udd29 (coupe du monde \ud83c\udfc6, coupe europ\u00e9enne, football fran\u00e7ais\u2026) ! Apr\u00e8s avoir compris tout \u00e7a, on part sur de bonnes bases pour une nouvelle aventure ! \u26bd\ufe0f<\/p>\n\n\n\n<p>Le football amateur et populaire reprend ses droits en Vend\u00e9e et plus particuli\u00e8rement pour nos dionysiens \ud83d\udd35\u26aa\ufe0f.<br>Apr\u00e8s une fin de saison derni\u00e8re compl\u00e8tement folle \ud83e\udd29 qui s&rsquo;est jou\u00e9e jusqu\u2019\u00e0 la derni\u00e8re journ\u00e9e pour nos bleus \ud83d\udd35\u26aa\ufe0f, en obtenant leur droit d\u2019acc\u00e9der en R3, St Denis pr\u00e9pare son nouveau championnat, la R\u00e9gion !<br>Un \u00e9t\u00e9 \ud83d\ude0e pour se configurer en pr\u00e9paration physique et tactique avec S\u00e9bastien Maillet \ud83e\udde2 toujours \u00e0 la t\u00eate de ce beau projet.<br>Mais avant la reprise du championnat ce week-end, chaque club passe des tours de coupes \ud83c\udfc6 ! Non pas la coupe des villes de foires, tradition ancestrale des ann\u00e9es 1950 \u00e0 70 ou bien la coupe Intertoto\u2026 \ud83d\ude05 Non ! Chez nous, ce sont les premiers tours pr\u00e9liminaires pour la Coupe de France \ud83c\udfc6 ! Et ensuite, en cas de d\u00e9faite au premier tour, vient la Coupe des Pays de la Loire, et m\u00eame parfois la coupe de Vend\u00e9e \ud83d\ude0b !<br>St Denis \ud83d\udd35\u26aa\ufe0f a entam\u00e9 sa saison officielle le dimanche 24 ao\u00fbt, justement en Coupe de France \ud83c\udfc6. Une d\u00e9faite \u274c 2-1 contre La Chapelle Heulin \ud83d\udd35\ud83d\udfe1 (D1). Tr\u00e8s bonne \u00e9quipe du vignoble, avec ses jeunes talents dont un certain attaquant num\u00e9ro 9 qui a \u00e9t\u00e9 tr\u00e8s bon durant ce match \u26a1\ufe0f.<br>La suite pour nos Bleus\ud83d\udd35\u26aa\ufe0f \u00e9tait le week-end dernier en coupe des Pays de la Loire \ud83c\udfc6 contre les Robreti\u00e8res \ud83d\udd34\u26aa\ufe0f (D2). Une tr\u00e8s belle victoire 4-0 \u2705 et la qualification pour le prochain tour acquise ! L\u2019\u00e9quipe visiteuse \ud83d\udd34\u26aa\ufe0f, bien connue par St Denis\ud83d\udd35\u26aa\ufe0f, puisqu\u2019elle \u00e9tait dans le m\u00eame groupe en D1 la saison pass\u00e9e. Beaucoup de changements \ud83c\udd95 de joueurs et un nouveau coach pour cette \u00e9quipe qui repart en D2 avec l\u2019ambition de jouer les trouble-f\u00eate.<\/p>\n\n\n\n<p>Une victoire assur\u00e9e compl\u00e8tement en deuxi\u00e8me mi-temps ! 4 buts en 45 minutes ! Dont un tripl\u00e9 de Mathis Proust (52\u00e8me, 60\u00e8me, 91\u00e8me \u26bd\ufe0f) !&nbsp;&nbsp;<br>Aaaaah, il a \u00e9t\u00e9 ph\u00e9nom\u00e9nal ! Il aurait m\u00eame pu passer dans le journal \ud83d\udcfa de \u2026 Claire Chazal \ud83d\ude05&nbsp;&nbsp;<br>Le quatri\u00e8me but \u26bd\ufe0f sera marqu\u00e9 par Thomas Siret \u00e0 la 93\u00e8me minute.&nbsp;&nbsp;<br>Une premi\u00e8re mi-temps tr\u00e8s peureuse \ud83d\ude2c dans la finition et la construction, puis une domination sans nom en deuxi\u00e8me mi-temps \ud83e\udd70, avec du mouvement de partout. M\u00eame si c\u2019est un d\u00e9but de saison, et parfois des automatismes qui tardent \u00e0 venir pendant un match, et c\u2019est tout \u00e0 fait normal, cette seconde p\u00e9riode a \u00e9t\u00e9 tr\u00e8s bien aboutie collectivement. \u00c0 l\u2019image d\u2019un Mathys Prudhomme tr\u00e8s bon devant \u00e9galement et qui s&rsquo;est cru un instant avec les pieds \ud83e\uddb6 de David Beckham \ud83e\udd29, en r\u00e9alisant deux passes d\u00e9cisives, et surtout sur le dernier but, \u00e0 l\u2019origine d\u2019un contr\u00f4le exceptionnel derri\u00e8re la jambe avec son pied droit, transversale pour un changement de c\u00f4t\u00e9 qui d\u00e9stabilise toute la d\u00e9fense\u2026 Xavier Gigaud r\u00e9cup\u00e8re et offrira le but \u00e0 Thomas Siret. Magnifique action ! \ud83e\udd29&nbsp;&nbsp;<br>Si Thierry Gilardi avait pu commenter cela avec Jean-Michel Larqu\u00e9 \ud83c\udf99\ufe0f, le plaisir d\u2019\u00e9coute aurait \u00e9t\u00e9 immense !&nbsp;&nbsp;<br>Un autre Mathis fera parler de lui \ud83d\ude0f.&nbsp;&nbsp;<br>Un certain Mathis Blain, plac\u00e9 en d\u00e9fense centrale, et qui, sur un coup franc ax\u00e9 \u00e0 20 m\u00e8tres du but, en mode Laurent Blanc, d\u00e9posera le ballon parfaitement sur son compatriote Mathis Proust pour marquer d\u2019une belle reprise de vol\u00e9e qui finira non loin de la lucarne droite \u26bd\ufe0f !&nbsp;&nbsp;<br>Hugo Allaire fera \u00e9galement son match tr\u00e8s important en d\u00e9fense \ud83e\udee1. Calme, balle \u26bd\ufe0f au pied pour la premi\u00e8re relance, anticipation des trajectoires adverses\u2026 il donnera le tempo des premi\u00e8res attaques dionysiennes \ud83d\udd35\u26aa\ufe0f.<\/p>\n\n\n\n<p>Au milieu, la recrue \ud83c\udd95 Rick Ndelo a \u00e9t\u00e9 pr\u00e9cieuse. Tr\u00e8s bon sur ses appuis, ballons au pied, changement de direction rapide, et costaud dans les duels, son jeu a bien fonctionn\u00e9 en compl\u00e9mentarit\u00e9 avec Enzo Gilbert et Fabien Girard ! Ils se sont d\u00e9pouill\u00e9s pour r\u00e9cup\u00e9rer les ballons et ensuite bien les donner ! Une expression footballistique italienne sur les milieux de terrain pour r\u00e9sumer cela est : \u00ab I Signori Del Tempo \u00bb, c\u2019est quand on dit qu\u2019ils sont \u00ab les ma\u00eetres du temps \u00bb \ud83d\ude07. Car les trois ont pris beaucoup de place, de l\u2019\u00e9paisseur dans l\u2019\u00e9quipe de dimanche pour obtenir ce r\u00e9sultat. C&rsquo;est-\u00e0-dire qu\u2019ils savaient quand il fallait calmer le jeu, quand il fallait acc\u00e9l\u00e9rer, passer sur les c\u00f4t\u00e9s, repasser par le gardien ou les d\u00e9fenseurs centraux\u2026 pour attirer la pression, et tout \u00e7a demande une bonne concentration et un QI foot ! Car il faut comprendre le moment, analyser la situation et savoir y r\u00e9pondre en ex\u00e9cutant tr\u00e8s rapidement. Une victoire 4-0 \u2705 bien m\u00e9rit\u00e9e au vu du match. Le r\u00e9sultat est beau, m\u00eame s\u2019il ne faut pas regarder que cela ! Le foot \u26bd\ufe0f ce n\u2019est pas 10 minutes ou 90 minutes d\u2019actions, non ! C\u2019est bien plus que cela, c\u2019est une expression culturelle, une forme d\u2019identification d\u2019un groupe uni ! On retiendra les \u00e9motions transmises par les joueurs aux supporters durant ce match pour ce sport si mythique ! Des mauvais r\u00e9sultats, de bons r\u00e9sultats, des buts, des actions bien ma\u00eetris\u00e9es et d\u2019autres non, des cartons, des fautes, des c\u00e9l\u00e9brations\u2026 De toute fa\u00e7on, et encore une fois, Thierry Gilardi disait si bien \u00e0 l\u2019\u00e9poque \ud83c\udf99\ufe0f \u00ab la vie foot c\u2019est des \u00e9motions ! Pas un tableau d\u2019affichage \u00bb. J-M Larqu\u00e9 lui r\u00e9pondrait \ud83c\udf99\ufe0f \u00ab tout \u00e0 fait Thierry, bien \u00e9videmment \u00bb\u2026 \ud83e\udd29 Sacr\u00e9 football.. \u26bd\ufe0f<\/p>\n\n\n\n<p>Dimanche arrivent les premi\u00e8res journ\u00e9es de championnats pour le club \ud83d\udd35\u26aa\ufe0f !<\/p>\n\n\n\n<ul class=\"wp-block-list\">\n<li>ESD A contre St Laurent Malvent \u00e0 domicile \ud83c\udfdf\ufe0f 15h (R3)<\/li>\n\n\n\n<li>ESD B contre Pays de Palluau A \u00e0 l\u2019ext\u00e9rieur \ud83c\udfdf\ufe0f 15h (D3)<\/li>\n\n\n\n<li>ESD C contre Pays de Palluau B \u00e0 domicile \ud83c\udfdf\ufe0f 13h (D4)<\/li>\n<\/ul>\n\n\n\n<p>Merci \u00e0 tous les supporters d\u2019\u00eatre venus et toujours pr\u00e9sents pour nos bleus ! On aura besoin de vous comme d\u2019habitude durant la saison ! \ud83d\udc4f \u00c0 dimanche pour de nouvelles aventures footballistiques ! \u26bd\ufe0f<\/p>\n\n\n\n<p>Et surtout, plus que jamais\u2026 n\u2019oubliez pas\u2026 \ud83e\udd29\ud83d\ude34<\/p>\n\n\n\n<p>\u00ab LE FOOTBALL, CE N\u2019EST PAS UNE QUESTION DE VIE OU DE MORT. C\u2019EST BIEN PLUS IMPORTANT QUE CELA \u00bb \ud83d\ude4c\ud83c\udffc<\/p>\n\n\n\n<p>Matt Lorieau \ud83d\udcdd<\/p>\n","protected":false},"excerpt":{"rendered":"<p>\u00c7a y est, l\u2019ann\u00e9e footballistique 2025\/26 est enfin lanc\u00e9e \ud83d\udcaa\ud83c\udffc ! Apr\u00e8s 2 mois de pause calvaire pour les passionn\u00e9s \ud83d\ude35, le football populaire reprend enfin ses droits !De toute fa\u00e7on, il ne s\u2019arr\u00eatera jamais ! Et pourtant !Il y a des gens en France \ud83c\uddeb\ud83c\uddf7 et peut-\u00eatre m\u00eame dans le monde \ud83c\udf0e, qui ne [&hellip;]<\/p>\n","protected":false},"author":1,"featured_media":1196,"comment_status":"open","ping_status":"open","sticky":false,"template":"","format":"standard","meta":{"footnotes":""},"categories":[1],"tags":[],"class_list":["post-1150","post","type-post","status-publish","format-standard","has-post-thumbnail","hentry","category-uncategorized"],"_links":{"self":[{"href":"https:\/\/saintdenisfoot.fr\/index.php\/wp-json\/wp\/v2\/posts\/1150","targetHints":{"allow":["GET"]}}],"collection":[{"href":"https:\/\/saintdenisfoot.fr\/index.php\/wp-json\/wp\/v2\/posts"}],"about":[{"href":"https:\/\/saintdenisfoot.fr\/index.php\/wp-json\/wp\/v2\/types\/post"}],"author":[{"embeddable":true,"href":"https:\/\/saintdenisfoot.fr\/index.php\/wp-json\/wp\/v2\/users\/1"}],"replies":[{"embeddable":true,"href":"https:\/\/saintdenisfoot.fr\/index.php\/wp-json\/wp\/v2\/comments?post=1150"}],"version-history":[{"count":3,"href":"https:\/\/saintdenisfoot.fr\/index.php\/wp-json\/wp\/v2\/posts\/1150\/revisions"}],"predecessor-version":[{"id":1198,"href":"https:\/\/saintdenisfoot.fr\/index.php\/wp-json\/wp\/v2\/posts\/1150\/revisions\/1198"}],"wp:featuredmedia":[{"embeddable":true,"href":"https:\/\/saintdenisfoot.fr\/index.php\/wp-json\/wp\/v2\/media\/1196"}],"wp:attachment":[{"href":"https:\/\/saintdenisfoot.fr\/index.php\/wp-json\/wp\/v2\/media?parent=1150"}],"wp:term":[{"taxonomy":"category","embeddable":true,"href":"https:\/\/saintdenisfoot.fr\/index.php\/wp-json\/wp\/v2\/categories?post=1150"},{"taxonomy":"post_tag","embeddable":true,"href":"https:\/\/saintdenisfoot.fr\/index.php\/wp-json\/wp\/v2\/tags?post=1150"}],"curies":[{"name":"wp","href":"https:\/\/api.w.org\/{rel}","templated":true}]}}