{"id":1193,"date":"2025-09-17T14:48:58","date_gmt":"2025-09-17T14:48:58","guid":{"rendered":"https:\/\/saintdenisfoot.fr\/?p=1193"},"modified":"2025-09-17T14:48:58","modified_gmt":"2025-09-17T14:48:58","slug":"i-just-cant-get-enough","status":"publish","type":"post","link":"https:\/\/saintdenisfoot.fr\/index.php\/2025\/09\/17\/i-just-cant-get-enough\/","title":{"rendered":"I JUST CAN&rsquo;T GET ENOUGH \ud83d\udd35\u26aa\ufe0f\u26bd\ufe0f"},"content":{"rendered":"\n<figure class=\"wp-block-image size-large\"><img loading=\"lazy\" decoding=\"async\" width=\"1024\" height=\"666\" src=\"https:\/\/saintdenisfoot.fr\/wp-content\/uploads\/2025\/09\/resume-1024x666.png\" alt=\"\" class=\"wp-image-1194\" srcset=\"https:\/\/saintdenisfoot.fr\/wp-content\/uploads\/2025\/09\/resume-1024x666.png 1024w, https:\/\/saintdenisfoot.fr\/wp-content\/uploads\/2025\/09\/resume-300x195.png 300w, https:\/\/saintdenisfoot.fr\/wp-content\/uploads\/2025\/09\/resume-768x499.png 768w, https:\/\/saintdenisfoot.fr\/wp-content\/uploads\/2025\/09\/resume-1536x998.png 1536w, https:\/\/saintdenisfoot.fr\/wp-content\/uploads\/2025\/09\/resume.png 2000w\" sizes=\"auto, (max-width: 1024px) 100vw, 1024px\" \/><\/figure>\n\n\n\n<p>\u00ab\u00a0\ud835\udc08 \ud835\udc09\ud835\udc14\ud835\udc12\ud835\udc13 \ud835\udc02\ud835\udc00\ud835\udc0d\u2019\ud835\udc13 \ud835\udc06\ud835\udc04\ud835\udc13 \ud835\udc04\ud835\udc0d\ud835\udc0e\ud835\udc14\ud835\udc06\ud835\udc07\u00a0* \u00bb \ud83d\udd35\u26aa\ufe0f\u26bd\ufe0f<\/p>\n\n\n\n<p>Je n&rsquo;en ai jamais assez ! De football \u26bd\ufe0f populaire le dimanche apr\u00e8s-midi \u00e0 Saint-Denis au stade Pierre Moreau \ud83c\udfdf\ufe0f ! Cette chanson Synth-Pop-New Wave \ud83c\udfb9\ud83c\udfb6 de \u00ab\u00a0Depeche Mode\u00a0\u00bb en 1981 est assez paradoxale dans le monde du football monde \ud83c\udf0e \u26bd\ufe0f et a \u00e9t\u00e9 reprise depuis toujours par des groupes de supporters de nombreux clubs qui s&rsquo;en approprient dans les stades en la chantant ! Principalement dans le football britannique \ud83c\uddec\ud83c\udde7 et \u00e9galement chez nous en France \ud83c\uddeb\ud83c\uddf7, plus particuli\u00e8rement chez les Bretons \u00e0 chaque but de l\u2019\u00e9quipe fanion. Cette chanson aurait pu r\u00e9sonner plusieurs fois au stade Pierre Moreau \ud83c\udfdf\ufe0f apr\u00e8s chaque but ! Entre l\u2019\u00e9quipe C et l\u2019\u00e9quipe premi\u00e8re, pas moins de 9 buts y seront inscrits durant cette journ\u00e9e assez folle ! Les synth\u00e9tiseurs \ud83c\udfb9 \u00ab Roland Jupiter 4 \u00bb voire m\u00eame le \u00ab Yamaha CS-5 \u00bb des musiciens Vince Clarke et Martin Gore pour les connaisseurs auraient pu diffuser leurs si beaux sons \u00e0 chaque r\u00e9alisation et c\u00e9l\u00e9bration des joueurs \ud83e\udd45 ! Lors du match \u00e0 12h30 de l\u2019\u00e9quipe C, et au moment du but \u00e9galisateur de Manu Moreau en fin de match, le Reynald Pedros \ud83d\udd30 Dionysien, d\u2019une belle t\u00eate crois\u00e9e, a marqu\u00e9 le 3-3 en Challenge de Vend\u00e9e des r\u00e9serves \ud83c\udfc6. Son \u00e9motion folle transmise donne de la force et galvanise \ud83d\udcaa\ud83c\udffc son \u00e9quipe pour aller chercher une victoire \u2705 aux penalties ensuite ! 5-4 au total, et les 5 tireurs marqueront ! La troupe de Quentin Rousseau et Charly Cousin peut \u00eatre fi\u00e8re de ce match et de l\u2019\u00e9tat d\u2019esprit affich\u00e9 ! \ud83e\udee1 \u00ab \u2026. \ud83c\udfb6 And I just can&rsquo;t get enough, I just can&rsquo;t get enough \ud83c\udfb6.. \u00bb<\/p>\n\n\n\n<p>Un avant-go\u00fbt d\u2019ap\u00e9ro football \u26bd\ufe0f pour finir une apr\u00e8s-midi en beaut\u00e9 \ud83d\udcab ! 15h \ud83d\udd52 ensuite, et l\u2019\u00e9quipe Premi\u00e8re \ud83d\udd35\u26aa\ufe0f affrontait la Generaudiere (D2) en Coupe Des Pays De Loire\ud83c\udfc6. Les visiteurs \ud83d\udfe2\u26ab\ufe0f arrivaient confiants avec pr\u00e9c\u00e9demment une victoire \u2705 en championnat lors de la premi\u00e8re journ\u00e9e contre Coex 2-1. Un visage est connu des dionysiens dans cette \u00e9quipe , en l\u2019occurrence de Micka\u00ebl Munk, ancien entra\u00eeneur-joueur du club pendant une saison (2014-2015). Toujours joueur et principalement sur le front de l\u2019attaque, son exp\u00e9rience et sa qualit\u00e9 technique est toujours aussi pr\u00e9sente \ud83d\udc4f\ud83c\udffc, lui l\u2019ancien joueur de St Priest anciennement en CFA 2, voir m\u00eame Lu\u00e7on et le Poir\u00e9 sur Vie. Les locaux \ud83d\udd35\u26aa\ufe0f quand \u00e0 eux restait eux aussi sur une victoire \u2705 \u00e0 domicile en championnat contre St Laurent Malvent 2-0 avec des buts sign\u00e9s Thomas Siret et un certain.. Mathis Proust. Cette homme Mathis Proust, justement, a certainement une devise en lui !<\/p>\n\n\n\n<p>\u00ab&nbsp;Droit au but&nbsp;\u00bb ? Naaaan \u2026 \u00ab&nbsp;I just can&rsquo;t get enough..&nbsp;\ud83e\udd29\u00bb Mathis P. en a jamais assez et marquera sont tripl\u00e9, coup du chapeau comme on dit dans le langage footballistique lors de cette victoire 6-2 \u2705 contre la G\u00e9n\u00e9raudiere \ud83d\udfe2\u26ab\ufe0f. Pied droit, pied gauche et vision de jeu\ud83e\udd2f, ce fan d\u2019Antoine Griezmann \ud83e\udd29 aura mis encore une fois La d\u00e9fense adverse dans une situation compliqu\u00e9e et laissera sa trace en mode signature \u270d\ufe0f dans ce match pour remporter cette rencontre. Yoann Limouzin lui marquera le deuxi\u00e8me but ! Oui, vous avez bien lu.. \ud83d\ude1c On conna\u00eet par c\u0153ur ses qualit\u00e9s, un d\u00e9fenseur \u00e0 l\u2019ancienne rugueux qui ne l\u00e2che jamais rien et donne tout pour son \u00e9cusson \ud83e\udee1, comme un Eric Di Meco, Lilian Thuram pour les nostalgiques \ud83c\uddeb\ud83c\uddf7, voire m\u00eame Nicolas Pallois pour les g\u00e9n\u00e9rations r\u00e9centes.. \u00e0 qui on se souvient de leurs buts importants car cela \u00e9tait rare (\u00e7a fait mal au c\u0153ur de comparer Pallois \u00e0 ces 2 joueurs, mais les Nantais \ud83d\udd30 en seront fiers !). \u00c0 la suite d\u2019une r\u00e9cup\u00e9ration de ballon haute, Yoann L. re\u00e7oit le ballon c\u00f4t\u00e9 gauche \u00e0 25 m\u00e8tres du but.. \ud83e\udd45 L\u2019espace est grand devant lui, et certains supporters demandent la bonne vieille sacoche de Yoyo \ud83d\ude01 ! L\u2019info monte tr\u00e8s vite au cerveau \ud83e\udde0 et il d\u00e9clenche sa frappe surpuissante \ud83d\udca5, elle sera contr\u00e9e et finira par lober le gardien, magnifique but \u26bd\ufe0f !<\/p>\n\n\n\n<p>Un autre buteur dans ce match, Mathys Prudhomme forc\u00e9ment.. Au bon d\u00e9but de saison, il marquera du pied droit d\u2019une frappe s\u00e8che au coin de la surface, premier poteau \u26bd\ufe0f ! Il sera l\u2019auteur \u00e9galement du but d\u2019Enzo Gilbert, sur un double contact, semelle sur le ballon devant la surface de r\u00e9paration \ud83d\ude2e (du D. Beckham en l\u2019espace d\u2019une seconde !), d\u00e9cale son co\u00e9quipier sur sa droite, et d\u2019une frappe en premi\u00e8re intention \u00e0 mi-hauteur, il mettra le ballon au fond des filets \u26bd\ufe0f !A not\u00e9 \u00e9galement la belle prestation collective des visiteurs \ud83d\udfe2\u26ab\ufe0f. Toujours une envie de repartir de l\u2019arri\u00e8re et de cr\u00e9er du jeu, cette \u00e9quipe prend des risques et essaie tout le temps des phases de jeu construites proprement. Oui, il y a eu du d\u00e9chet et St Denis \ud83d\udd35\u26aa\ufe0f en a profit\u00e9 pour r\u00e9cup\u00e9rer des ballons hauts, mais c\u2019est un d\u00e9but de saison et certains automatismes se cr\u00e9ent. Des combinaisons en une-deux touches et des phases \u00e0 3 pour se sortir d\u2019un pressing. Le num\u00e9ro 8, excellent dans ses contr\u00f4les orient\u00e9s pour tourner le jeu, comme un joueur de Futsal. Et devant, bien \u00e9videmment, le num\u00e9ro 11, Micka\u00ebl Munk, marquera l\u2019un des deux buts de son \u00e9quipe. Sur une touche de son co\u00e9quipier pr\u00e8s du poteau de corner, il contr\u00f4le en pivot, se d\u00e9barrasse de son adversaire et frappe au deuxi\u00e8me poteau \u00e0 ras de terre. Tr\u00e8s beau but \u26bd\ufe0f !<\/p>\n\n\n\n<p>Cette victoire de St Denis\ud83d\udd35\u26aa\ufe0f confirme un bon d\u00e9but de saison \u2705 ! Et c\u2019est prometteur ! Les supporters en seront ravis\ud83d\ude4c\ud83c\udffc et en redemandent pour le prochain match. La troupe de S\u00e9bastien Maillet recevra une nouvelle fois au stade Pierre Moreau\ud83c\udfdf\ufe0f pour la deuxi\u00e8me journ\u00e9e de championnat R3 St C\u00e9cile St Martin Des Noyers \u00e0 15h \ud83d\udd52. La possibilit\u00e9 de poursuivre cette bonne p\u00e9riode ou, \u00e0 l\u2019inverse, se faire surprendre par un bon adversaire. Tel est la t\u00e2che \u00e0 r\u00e9aliser pour le Coach \u00e0 la casquette \ud83d\udd35\u26aa\ufe0f\ud83e\udde2. Merci aux supporters toujours pr\u00e9sents comme d\u2019habitude \ud83d\udc4f\ud83c\udffc, de continuer ce beau mouvement populaire pour soutenir ce club et ses \u00e9quipes. Et oui ! Car le football \u26bd\ufe0f appartient aux supporters, sans eux c\u2019est compl\u00e8tement diff\u00e9rent et nous n\u2019en avons jamais assez ! \ud83d\ude09\ud83e\udd24 Remettons le son \ud83c\udfb6\ud83c\udfb5 plus fort&#8230; Comprendre que la musique et le football est une histoire d\u2019amour sans fin, remplie d\u2019anecdotes \u26bd\ufe0f ! Comme le dit St\u00e9phane Basset dans son livre \u00ab Music Football Club \u00bb : \u00ab \u2026 \ud83c\udfb6 And I just can&rsquo;t get enough, I just can&rsquo;t get enough \ud83c\udfb6&#8230; \u00bb<br>\u00c0 dimanche pour de nouvelles aventures foot !<br>Et surtout, plus que jamais\u2026 n\u2019oubliez pas, vous le savez tr\u00e8s bien&#8230; \ud83e\udd29\ud83d\ude34<br>\u00ab LE FOOTBALL, CE N\u2019EST PAS UNE QUESTION DE VIE OU DE MORT. C\u2019EST BIEN PLUS IMPORTANT QUE CELA \u00bb \ud83d\ude4c\ud83c\udffc<\/p>\n\n\n\n<p>Matt Lorieau \ud83d\udcdd<\/p>\n","protected":false},"excerpt":{"rendered":"<p>\u00ab\u00a0\ud835\udc08 \ud835\udc09\ud835\udc14\ud835\udc12\ud835\udc13 \ud835\udc02\ud835\udc00\ud835\udc0d\u2019\ud835\udc13 \ud835\udc06\ud835\udc04\ud835\udc13 \ud835\udc04\ud835\udc0d\ud835\udc0e\ud835\udc14\ud835\udc06\ud835\udc07\u00a0* \u00bb \ud83d\udd35\u26aa\ufe0f\u26bd\ufe0f Je n&rsquo;en ai jamais assez ! De football \u26bd\ufe0f populaire le dimanche apr\u00e8s-midi \u00e0 Saint-Denis au stade Pierre Moreau \ud83c\udfdf\ufe0f ! Cette chanson Synth-Pop-New Wave \ud83c\udfb9\ud83c\udfb6 de \u00ab\u00a0Depeche Mode\u00a0\u00bb en 1981 est assez paradoxale dans le monde du football monde \ud83c\udf0e \u26bd\ufe0f et a \u00e9t\u00e9 reprise depuis toujours [&hellip;]<\/p>\n","protected":false},"author":1,"featured_media":1194,"comment_status":"open","ping_status":"open","sticky":false,"template":"","format":"standard","meta":{"footnotes":""},"categories":[1],"tags":[],"class_list":["post-1193","post","type-post","status-publish","format-standard","has-post-thumbnail","hentry","category-uncategorized"],"_links":{"self":[{"href":"https:\/\/saintdenisfoot.fr\/index.php\/wp-json\/wp\/v2\/posts\/1193","targetHints":{"allow":["GET"]}}],"collection":[{"href":"https:\/\/saintdenisfoot.fr\/index.php\/wp-json\/wp\/v2\/posts"}],"about":[{"href":"https:\/\/saintdenisfoot.fr\/index.php\/wp-json\/wp\/v2\/types\/post"}],"author":[{"embeddable":true,"href":"https:\/\/saintdenisfoot.fr\/index.php\/wp-json\/wp\/v2\/users\/1"}],"replies":[{"embeddable":true,"href":"https:\/\/saintdenisfoot.fr\/index.php\/wp-json\/wp\/v2\/comments?post=1193"}],"version-history":[{"count":1,"href":"https:\/\/saintdenisfoot.fr\/index.php\/wp-json\/wp\/v2\/posts\/1193\/revisions"}],"predecessor-version":[{"id":1195,"href":"https:\/\/saintdenisfoot.fr\/index.php\/wp-json\/wp\/v2\/posts\/1193\/revisions\/1195"}],"wp:featuredmedia":[{"embeddable":true,"href":"https:\/\/saintdenisfoot.fr\/index.php\/wp-json\/wp\/v2\/media\/1194"}],"wp:attachment":[{"href":"https:\/\/saintdenisfoot.fr\/index.php\/wp-json\/wp\/v2\/media?parent=1193"}],"wp:term":[{"taxonomy":"category","embeddable":true,"href":"https:\/\/saintdenisfoot.fr\/index.php\/wp-json\/wp\/v2\/categories?post=1193"},{"taxonomy":"post_tag","embeddable":true,"href":"https:\/\/saintdenisfoot.fr\/index.php\/wp-json\/wp\/v2\/tags?post=1193"}],"curies":[{"name":"wp","href":"https:\/\/api.w.org\/{rel}","templated":true}]}}