{"id":1331,"date":"2026-01-16T09:10:41","date_gmt":"2026-01-16T09:10:41","guid":{"rendered":"https:\/\/saintdenisfoot.fr\/?p=1331"},"modified":"2026-01-16T09:11:07","modified_gmt":"2026-01-16T09:11:07","slug":"galette-des-rois-2","status":"publish","type":"post","link":"https:\/\/saintdenisfoot.fr\/index.php\/2026\/01\/16\/galette-des-rois-2\/","title":{"rendered":"GALETTE DES ROIS &#8211; DIMANCHE 1 F\u00c9VRIER"},"content":{"rendered":"\n<p>Le club invite tous ses supporters, joueurs, dirigeants et sponsors \u00e0 venir partager la traditionnelle galette des rois le dimanche 1 f\u00e9vrier apr\u00e8s le match de nos s\u00e9niors B au stade Pierre Moreau ! \ud83d\udc51<\/p>\n\n\n\n<p>Venez nombreux \ud83d\udd35\u26aa\ufe0f<\/p>\n","protected":false},"excerpt":{"rendered":"<p>Le club invite tous ses supporters, joueurs, dirigeants et sponsors \u00e0 venir partager la traditionnelle galette des rois le dimanche 1 f\u00e9vrier apr\u00e8s le match de nos s\u00e9niors B au stade Pierre Moreau ! \ud83d\udc51 Venez nombreux \ud83d\udd35\u26aa\ufe0f<\/p>\n","protected":false},"author":1,"featured_media":1332,"comment_status":"open","ping_status":"open","sticky":false,"template":"","format":"standard","meta":{"footnotes":""},"categories":[1],"tags":[],"class_list":["post-1331","post","type-post","status-publish","format-standard","has-post-thumbnail","hentry","category-uncategorized"],"_links":{"self":[{"href":"https:\/\/saintdenisfoot.fr\/index.php\/wp-json\/wp\/v2\/posts\/1331","targetHints":{"allow":["GET"]}}],"collection":[{"href":"https:\/\/saintdenisfoot.fr\/index.php\/wp-json\/wp\/v2\/posts"}],"about":[{"href":"https:\/\/saintdenisfoot.fr\/index.php\/wp-json\/wp\/v2\/types\/post"}],"author":[{"embeddable":true,"href":"https:\/\/saintdenisfoot.fr\/index.php\/wp-json\/wp\/v2\/users\/1"}],"replies":[{"embeddable":true,"href":"https:\/\/saintdenisfoot.fr\/index.php\/wp-json\/wp\/v2\/comments?post=1331"}],"version-history":[{"count":2,"href":"https:\/\/saintdenisfoot.fr\/index.php\/wp-json\/wp\/v2\/posts\/1331\/revisions"}],"predecessor-version":[{"id":1334,"href":"https:\/\/saintdenisfoot.fr\/index.php\/wp-json\/wp\/v2\/posts\/1331\/revisions\/1334"}],"wp:featuredmedia":[{"embeddable":true,"href":"https:\/\/saintdenisfoot.fr\/index.php\/wp-json\/wp\/v2\/media\/1332"}],"wp:attachment":[{"href":"https:\/\/saintdenisfoot.fr\/index.php\/wp-json\/wp\/v2\/media?parent=1331"}],"wp:term":[{"taxonomy":"category","embeddable":true,"href":"https:\/\/saintdenisfoot.fr\/index.php\/wp-json\/wp\/v2\/categories?post=1331"},{"taxonomy":"post_tag","embeddable":true,"href":"https:\/\/saintdenisfoot.fr\/index.php\/wp-json\/wp\/v2\/tags?post=1331"}],"curies":[{"name":"wp","href":"https:\/\/api.w.org\/{rel}","templated":true}]}}