{"id":888,"date":"2025-04-15T14:38:30","date_gmt":"2025-04-15T14:38:30","guid":{"rendered":"https:\/\/saintdenisfoot.fr\/?p=888"},"modified":"2025-04-23T12:30:59","modified_gmt":"2025-04-23T12:30:59","slug":"timothee-baffreau-au-mondial-minimes-de-montaigu","status":"publish","type":"post","link":"https:\/\/saintdenisfoot.fr\/index.php\/2025\/04\/15\/timothee-baffreau-au-mondial-minimes-de-montaigu\/","title":{"rendered":"TIMOTH\u00c9E BAFFREAU AU MONDIAL DE MONTAIGU"},"content":{"rendered":"\n<div class=\"wp-block-columns is-layout-flex wp-container-core-columns-is-layout-28f84493 wp-block-columns-is-layout-flex\">\n<div class=\"wp-block-column is-layout-flow wp-block-column-is-layout-flow\" style=\"flex-basis:90%\">\n<figure class=\"wp-block-image size-large\"><img loading=\"lazy\" decoding=\"async\" width=\"1024\" height=\"768\" src=\"https:\/\/saintdenisfoot.fr\/wp-content\/uploads\/2025\/04\/IMG-20250415-WA0000-1024x768.jpg\" alt=\"\" class=\"wp-image-890\" srcset=\"https:\/\/saintdenisfoot.fr\/wp-content\/uploads\/2025\/04\/IMG-20250415-WA0000-1024x768.jpg 1024w, https:\/\/saintdenisfoot.fr\/wp-content\/uploads\/2025\/04\/IMG-20250415-WA0000-300x225.jpg 300w, https:\/\/saintdenisfoot.fr\/wp-content\/uploads\/2025\/04\/IMG-20250415-WA0000-768x576.jpg 768w, https:\/\/saintdenisfoot.fr\/wp-content\/uploads\/2025\/04\/IMG-20250415-WA0000-1536x1152.jpg 1536w, https:\/\/saintdenisfoot.fr\/wp-content\/uploads\/2025\/04\/IMG-20250415-WA0000.jpg 1600w\" sizes=\"auto, (max-width: 1024px) 100vw, 1024px\" \/><\/figure>\n<\/div>\n\n\n\n<div class=\"wp-block-column is-layout-flow wp-block-column-is-layout-flow\" style=\"flex-basis:50%\">\n<figure class=\"wp-block-image size-large is-resized\"><img loading=\"lazy\" decoding=\"async\" width=\"728\" height=\"1024\" src=\"https:\/\/saintdenisfoot.fr\/wp-content\/uploads\/2025\/04\/IMG-20250415-WA0002-728x1024.jpg\" alt=\"\" class=\"wp-image-889\" style=\"width:337px;height:auto\" srcset=\"https:\/\/saintdenisfoot.fr\/wp-content\/uploads\/2025\/04\/IMG-20250415-WA0002-728x1024.jpg 728w, https:\/\/saintdenisfoot.fr\/wp-content\/uploads\/2025\/04\/IMG-20250415-WA0002-213x300.jpg 213w, https:\/\/saintdenisfoot.fr\/wp-content\/uploads\/2025\/04\/IMG-20250415-WA0002-768x1080.jpg 768w, https:\/\/saintdenisfoot.fr\/wp-content\/uploads\/2025\/04\/IMG-20250415-WA0002-1092x1536.jpg 1092w, https:\/\/saintdenisfoot.fr\/wp-content\/uploads\/2025\/04\/IMG-20250415-WA0002.jpg 1129w\" sizes=\"auto, (max-width: 728px) 100vw, 728px\" \/><\/figure>\n<\/div>\n<\/div>\n\n\n\n<p style=\"font-style:normal;font-weight:300\">Timoth\u00e9 BAFFREAU (1er rang, 2\u00e8me en partant de la gauche), form\u00e9 au club jusqu\u2019\u00e0 la cat\u00e9gorie U13, a \u00e9t\u00e9 s\u00e9lectionn\u00e9 avec la s\u00e9lection de Vend\u00e9e U16 pour participer \u00e0 la 52\u00e8me \u00e9dition du Mondial de Montaigu !<\/p>\n\n\n\n<p style=\"font-style:normal;font-weight:300\">Un tournoi de tr\u00e8s haut niveau qui les opposera \u00e0 3 centres de formation de l\u2019hexagone :<\/p>\n\n\n\n<p style=\"font-style:normal;font-weight:300\">\u25fe Stade Rennais &#8211; S\u00e9lection de Vend\u00e9e<br>\ud83d\udcc6 Vendredi 18 Avril<br>\u231a 18h00<br>\ud83d\udccd St Hilaire de Loulay<\/p>\n\n\n\n<p style=\"font-style:normal;font-weight:300\">\u25fe S\u00e9lection de Vend\u00e9e &#8211; RC Strasbourg<br>\ud83d\udcc6 Samedi 19 Avril<br>\u231a 10h30<br>\ud83d\udccd St Philbert de Bouaine<\/p>\n\n\n\n<p style=\"font-style:normal;font-weight:300\">\u25fe Olympique Lyonnais &#8211; S\u00e9lection de Vend\u00e9e<br>\ud83d\udcc6 Samedi 19 Avril<br>\u231a 16h30<br>\ud83d\udccd Montaigu<\/p>\n\n\n\n<p style=\"font-style:normal;font-weight:300\">L\u2019ESD te souhaite un excellent tournoi Timoth\u00e9 ! \ud83d\udc4f\ud83c\udffb<\/p>\n","protected":false},"excerpt":{"rendered":"<p>Timoth\u00e9 BAFFREAU (1er rang, 2\u00e8me en partant de la gauche), form\u00e9 au club jusqu\u2019\u00e0 la cat\u00e9gorie U13, a \u00e9t\u00e9 s\u00e9lectionn\u00e9 avec la s\u00e9lection de Vend\u00e9e U16 pour participer \u00e0 la 52\u00e8me \u00e9dition du Mondial de Montaigu ! Un tournoi de tr\u00e8s haut niveau qui les opposera \u00e0 3 centres de formation de l\u2019hexagone : \u25fe [&hellip;]<\/p>\n","protected":false},"author":1,"featured_media":891,"comment_status":"open","ping_status":"open","sticky":false,"template":"","format":"standard","meta":{"footnotes":""},"categories":[1],"tags":[],"class_list":["post-888","post","type-post","status-publish","format-standard","has-post-thumbnail","hentry","category-uncategorized"],"_links":{"self":[{"href":"https:\/\/saintdenisfoot.fr\/index.php\/wp-json\/wp\/v2\/posts\/888","targetHints":{"allow":["GET"]}}],"collection":[{"href":"https:\/\/saintdenisfoot.fr\/index.php\/wp-json\/wp\/v2\/posts"}],"about":[{"href":"https:\/\/saintdenisfoot.fr\/index.php\/wp-json\/wp\/v2\/types\/post"}],"author":[{"embeddable":true,"href":"https:\/\/saintdenisfoot.fr\/index.php\/wp-json\/wp\/v2\/users\/1"}],"replies":[{"embeddable":true,"href":"https:\/\/saintdenisfoot.fr\/index.php\/wp-json\/wp\/v2\/comments?post=888"}],"version-history":[{"count":3,"href":"https:\/\/saintdenisfoot.fr\/index.php\/wp-json\/wp\/v2\/posts\/888\/revisions"}],"predecessor-version":[{"id":924,"href":"https:\/\/saintdenisfoot.fr\/index.php\/wp-json\/wp\/v2\/posts\/888\/revisions\/924"}],"wp:featuredmedia":[{"embeddable":true,"href":"https:\/\/saintdenisfoot.fr\/index.php\/wp-json\/wp\/v2\/media\/891"}],"wp:attachment":[{"href":"https:\/\/saintdenisfoot.fr\/index.php\/wp-json\/wp\/v2\/media?parent=888"}],"wp:term":[{"taxonomy":"category","embeddable":true,"href":"https:\/\/saintdenisfoot.fr\/index.php\/wp-json\/wp\/v2\/categories?post=888"},{"taxonomy":"post_tag","embeddable":true,"href":"https:\/\/saintdenisfoot.fr\/index.php\/wp-json\/wp\/v2\/tags?post=888"}],"curies":[{"name":"wp","href":"https:\/\/api.w.org\/{rel}","templated":true}]}}