{"id":905,"date":"2025-04-16T09:42:32","date_gmt":"2025-04-16T09:42:32","guid":{"rendered":"https:\/\/saintdenisfoot.fr\/?p=905"},"modified":"2025-04-16T09:45:16","modified_gmt":"2025-04-16T09:45:16","slug":"gael-reveleau-arbitre-au-mondial-de-montaigu","status":"publish","type":"post","link":"https:\/\/saintdenisfoot.fr\/index.php\/2025\/04\/16\/gael-reveleau-arbitre-au-mondial-de-montaigu\/","title":{"rendered":"GA\u00cbL REVELEAU ARBITRE AU MONDIAL DE MONTAIGU"},"content":{"rendered":"\n<div class=\"wp-block-columns is-layout-flex wp-container-core-columns-is-layout-28f84493 wp-block-columns-is-layout-flex\">\n<div class=\"wp-block-column is-layout-flow wp-block-column-is-layout-flow\" style=\"flex-basis:100%\">\n<figure class=\"wp-block-image aligncenter size-large is-resized\"><img loading=\"lazy\" decoding=\"async\" width=\"1024\" height=\"666\" src=\"https:\/\/saintdenisfoot.fr\/wp-content\/uploads\/2025\/04\/Resume-du-match-1024x666.png\" alt=\"\" class=\"wp-image-906\" style=\"width:802px;height:auto\" srcset=\"https:\/\/saintdenisfoot.fr\/wp-content\/uploads\/2025\/04\/Resume-du-match-1024x666.png 1024w, https:\/\/saintdenisfoot.fr\/wp-content\/uploads\/2025\/04\/Resume-du-match-300x195.png 300w, https:\/\/saintdenisfoot.fr\/wp-content\/uploads\/2025\/04\/Resume-du-match-768x499.png 768w, https:\/\/saintdenisfoot.fr\/wp-content\/uploads\/2025\/04\/Resume-du-match-1536x998.png 1536w, https:\/\/saintdenisfoot.fr\/wp-content\/uploads\/2025\/04\/Resume-du-match.png 2000w\" sizes=\"auto, (max-width: 1024px) 100vw, 1024px\" \/><\/figure>\n<\/div>\n<\/div>\n\n\n\n<p style=\"font-style:normal;font-weight:300\">Pour la 52\u00e8me \u00e9dition du Mondial minimines de Montaigu, notre arbitre Ga\u00ebl Reveleau a \u00e9t\u00e9 d\u00e9sign\u00e9 pour arbitrer lors de la comp\u00e9tition ! Bravo \u00e0 lui \ud83d\udc4f\ud83c\udffb<\/p>\n\n\n\n<p style=\"font-style:normal;font-weight:300\">\ud83d\uddd3\ufe0f <strong><em>A VOS AGENDAS :<\/em><\/strong><\/p>\n\n\n\n<p style=\"font-style:normal;font-weight:300\">\u25fe Rennes &#8211; Strasbourg (Challenge clubs masculin) \ud83d\udc49\ud83c\udffb <strong>Arbitre assistant<\/strong><br>\ud83d\udcc6 Samedi 19 Avril<br>\u231a 16h30<br>\ud83d\udccd La Bruffi\u00e8re<\/p>\n\n\n\n<p style=\"font-style:normal;font-weight:300\">\u25fe Match pour la 3\u00e8me place (Challenge clubs masculin) \ud83d\udc49\ud83c\udffb <strong>Arbitre assistant<\/strong><br>\ud83d\udcc6 Lundi 21 Avril<br>\u231a 10h30<br>\ud83d\udccd Montaigu<\/p>\n\n\n\n<p style=\"font-style:normal;font-weight:300\">L\u2019ESD te souhaite un excellent tournoi Ga\u00ebl ! \ud83d\udc4f\ud83c\udffb<\/p>\n\n\n\n<p style=\"font-style:normal;font-weight:300\">\u00c9galement, le dimanche 20 avril \u00e0 14h30, Ga\u00ebl arbitrera en tant qu\u2019arbitre central&nbsp;La Gaubreti\u00e8re &#8211; Mesnard\/Vendrennes en \u00bc de finale du Crit\u00e9rium de Vend\u00e9e !<\/p>\n","protected":false},"excerpt":{"rendered":"<p>Pour la 52\u00e8me \u00e9dition du Mondial minimines de Montaigu, notre arbitre Ga\u00ebl Reveleau a \u00e9t\u00e9 d\u00e9sign\u00e9 pour arbitrer lors de la comp\u00e9tition ! Bravo \u00e0 lui \ud83d\udc4f\ud83c\udffb \ud83d\uddd3\ufe0f A VOS AGENDAS : \u25fe Rennes &#8211; Strasbourg (Challenge clubs masculin) \ud83d\udc49\ud83c\udffb Arbitre assistant\ud83d\udcc6 Samedi 19 Avril\u231a 16h30\ud83d\udccd La Bruffi\u00e8re \u25fe Match pour la 3\u00e8me place (Challenge [&hellip;]<\/p>\n","protected":false},"author":1,"featured_media":906,"comment_status":"open","ping_status":"open","sticky":false,"template":"","format":"standard","meta":{"footnotes":""},"categories":[1],"tags":[],"class_list":["post-905","post","type-post","status-publish","format-standard","has-post-thumbnail","hentry","category-uncategorized"],"_links":{"self":[{"href":"https:\/\/saintdenisfoot.fr\/index.php\/wp-json\/wp\/v2\/posts\/905","targetHints":{"allow":["GET"]}}],"collection":[{"href":"https:\/\/saintdenisfoot.fr\/index.php\/wp-json\/wp\/v2\/posts"}],"about":[{"href":"https:\/\/saintdenisfoot.fr\/index.php\/wp-json\/wp\/v2\/types\/post"}],"author":[{"embeddable":true,"href":"https:\/\/saintdenisfoot.fr\/index.php\/wp-json\/wp\/v2\/users\/1"}],"replies":[{"embeddable":true,"href":"https:\/\/saintdenisfoot.fr\/index.php\/wp-json\/wp\/v2\/comments?post=905"}],"version-history":[{"count":2,"href":"https:\/\/saintdenisfoot.fr\/index.php\/wp-json\/wp\/v2\/posts\/905\/revisions"}],"predecessor-version":[{"id":909,"href":"https:\/\/saintdenisfoot.fr\/index.php\/wp-json\/wp\/v2\/posts\/905\/revisions\/909"}],"wp:featuredmedia":[{"embeddable":true,"href":"https:\/\/saintdenisfoot.fr\/index.php\/wp-json\/wp\/v2\/media\/906"}],"wp:attachment":[{"href":"https:\/\/saintdenisfoot.fr\/index.php\/wp-json\/wp\/v2\/media?parent=905"}],"wp:term":[{"taxonomy":"category","embeddable":true,"href":"https:\/\/saintdenisfoot.fr\/index.php\/wp-json\/wp\/v2\/categories?post=905"},{"taxonomy":"post_tag","embeddable":true,"href":"https:\/\/saintdenisfoot.fr\/index.php\/wp-json\/wp\/v2\/tags?post=905"}],"curies":[{"name":"wp","href":"https:\/\/api.w.org\/{rel}","templated":true}]}}