{"id":944,"date":"2025-05-12T13:42:56","date_gmt":"2025-05-12T13:42:56","guid":{"rendered":"https:\/\/saintdenisfoot.fr\/?p=944"},"modified":"2025-05-16T07:12:31","modified_gmt":"2025-05-16T07:12:31","slug":"buffet-fin-de-saison-dimanche-18-mai","status":"publish","type":"post","link":"https:\/\/saintdenisfoot.fr\/index.php\/2025\/05\/12\/buffet-fin-de-saison-dimanche-18-mai\/","title":{"rendered":"BUFFET FIN DE SAISON &#8211; DIMANCHE 18 MAI"},"content":{"rendered":"\n<p>A l&rsquo;issu des derniers matchs de nos s\u00e9niors, notamment le match d\u00e9cisif pour la mont\u00e9e de nos s\u00e9niors A face \u00e0 Rives de l&rsquo;Yon \u00e0 15h, l&rsquo;ESD Football invite tous les acteurs du clubs (joueurs, arbitres, dirigeants, \u00e9ducateurs, parents de joueurs, supporters, barmen, b\u00e9n\u00e9voles&#8230;) au traditionnel buffet de fin de saison pr\u00e9par\u00e9 par notre partenaire le Domaine de la Bretonni\u00e8re au Stade Pierre Moreau \u00e0 partir de 18h.<\/p>\n","protected":false},"excerpt":{"rendered":"<p>A l&rsquo;issu des derniers matchs de nos s\u00e9niors, notamment le match d\u00e9cisif pour la mont\u00e9e de nos s\u00e9niors A face \u00e0 Rives de l&rsquo;Yon \u00e0 15h, l&rsquo;ESD Football invite tous les acteurs du clubs (joueurs, arbitres, dirigeants, \u00e9ducateurs, parents de joueurs, supporters, barmen, b\u00e9n\u00e9voles&#8230;) au traditionnel buffet de fin de saison pr\u00e9par\u00e9 par notre partenaire [&hellip;]<\/p>\n","protected":false},"author":1,"featured_media":945,"comment_status":"open","ping_status":"open","sticky":false,"template":"","format":"standard","meta":{"footnotes":""},"categories":[1],"tags":[],"class_list":["post-944","post","type-post","status-publish","format-standard","has-post-thumbnail","hentry","category-uncategorized"],"_links":{"self":[{"href":"https:\/\/saintdenisfoot.fr\/index.php\/wp-json\/wp\/v2\/posts\/944","targetHints":{"allow":["GET"]}}],"collection":[{"href":"https:\/\/saintdenisfoot.fr\/index.php\/wp-json\/wp\/v2\/posts"}],"about":[{"href":"https:\/\/saintdenisfoot.fr\/index.php\/wp-json\/wp\/v2\/types\/post"}],"author":[{"embeddable":true,"href":"https:\/\/saintdenisfoot.fr\/index.php\/wp-json\/wp\/v2\/users\/1"}],"replies":[{"embeddable":true,"href":"https:\/\/saintdenisfoot.fr\/index.php\/wp-json\/wp\/v2\/comments?post=944"}],"version-history":[{"count":5,"href":"https:\/\/saintdenisfoot.fr\/index.php\/wp-json\/wp\/v2\/posts\/944\/revisions"}],"predecessor-version":[{"id":960,"href":"https:\/\/saintdenisfoot.fr\/index.php\/wp-json\/wp\/v2\/posts\/944\/revisions\/960"}],"wp:featuredmedia":[{"embeddable":true,"href":"https:\/\/saintdenisfoot.fr\/index.php\/wp-json\/wp\/v2\/media\/945"}],"wp:attachment":[{"href":"https:\/\/saintdenisfoot.fr\/index.php\/wp-json\/wp\/v2\/media?parent=944"}],"wp:term":[{"taxonomy":"category","embeddable":true,"href":"https:\/\/saintdenisfoot.fr\/index.php\/wp-json\/wp\/v2\/categories?post=944"},{"taxonomy":"post_tag","embeddable":true,"href":"https:\/\/saintdenisfoot.fr\/index.php\/wp-json\/wp\/v2\/tags?post=944"}],"curies":[{"name":"wp","href":"https:\/\/api.w.org\/{rel}","templated":true}]}}