{"id":974,"date":"2025-05-22T10:07:59","date_gmt":"2025-05-22T10:07:59","guid":{"rendered":"https:\/\/saintdenisfoot.fr\/?p=974"},"modified":"2025-05-22T10:07:59","modified_gmt":"2025-05-22T10:07:59","slug":"assemblee-generale","status":"publish","type":"post","link":"https:\/\/saintdenisfoot.fr\/index.php\/2025\/05\/22\/assemblee-generale\/","title":{"rendered":"ASSEMBL\u00c9E G\u00c9N\u00c9RALE"},"content":{"rendered":"\n<p>Pour cl\u00f4turer cette magnifique saison, tous les acteurs du club sont invit\u00e9s \u00e0 l\u2019assembl\u00e9e g\u00e9n\u00e9rale le vendredi 6 juin \u00e0 19h00 au stade Pierre Moreau \ud83d\udd35\u26aa Nous cl\u00f4turerons cette assembl\u00e9e autour d\u2019un moment de convivialit\u00e9 \ud83c\udf7b<\/p>\n","protected":false},"excerpt":{"rendered":"<p>Pour cl\u00f4turer cette magnifique saison, tous les acteurs du club sont invit\u00e9s \u00e0 l\u2019assembl\u00e9e g\u00e9n\u00e9rale le vendredi 6 juin \u00e0 19h00 au stade Pierre Moreau \ud83d\udd35\u26aa Nous cl\u00f4turerons cette assembl\u00e9e autour d\u2019un moment de convivialit\u00e9 \ud83c\udf7b<\/p>\n","protected":false},"author":1,"featured_media":975,"comment_status":"open","ping_status":"open","sticky":false,"template":"","format":"standard","meta":{"footnotes":""},"categories":[1],"tags":[],"class_list":["post-974","post","type-post","status-publish","format-standard","has-post-thumbnail","hentry","category-uncategorized"],"_links":{"self":[{"href":"https:\/\/saintdenisfoot.fr\/index.php\/wp-json\/wp\/v2\/posts\/974","targetHints":{"allow":["GET"]}}],"collection":[{"href":"https:\/\/saintdenisfoot.fr\/index.php\/wp-json\/wp\/v2\/posts"}],"about":[{"href":"https:\/\/saintdenisfoot.fr\/index.php\/wp-json\/wp\/v2\/types\/post"}],"author":[{"embeddable":true,"href":"https:\/\/saintdenisfoot.fr\/index.php\/wp-json\/wp\/v2\/users\/1"}],"replies":[{"embeddable":true,"href":"https:\/\/saintdenisfoot.fr\/index.php\/wp-json\/wp\/v2\/comments?post=974"}],"version-history":[{"count":1,"href":"https:\/\/saintdenisfoot.fr\/index.php\/wp-json\/wp\/v2\/posts\/974\/revisions"}],"predecessor-version":[{"id":976,"href":"https:\/\/saintdenisfoot.fr\/index.php\/wp-json\/wp\/v2\/posts\/974\/revisions\/976"}],"wp:featuredmedia":[{"embeddable":true,"href":"https:\/\/saintdenisfoot.fr\/index.php\/wp-json\/wp\/v2\/media\/975"}],"wp:attachment":[{"href":"https:\/\/saintdenisfoot.fr\/index.php\/wp-json\/wp\/v2\/media?parent=974"}],"wp:term":[{"taxonomy":"category","embeddable":true,"href":"https:\/\/saintdenisfoot.fr\/index.php\/wp-json\/wp\/v2\/categories?post=974"},{"taxonomy":"post_tag","embeddable":true,"href":"https:\/\/saintdenisfoot.fr\/index.php\/wp-json\/wp\/v2\/tags?post=974"}],"curies":[{"name":"wp","href":"https:\/\/api.w.org\/{rel}","templated":true}]}}